{"id":47,"date":"2026-04-30T00:49:46","date_gmt":"2026-04-30T06:49:46","guid":{"rendered":"https:\/\/noticiasdeciudadjuarez.com\/?p=47"},"modified":"2026-04-30T00:49:46","modified_gmt":"2026-04-30T06:49:46","slug":"efectos-del-fenomeno-el-nino-en-chihuahua-pronostican-temperaturas-extremas-y-cambios-drasticos","status":"publish","type":"post","link":"https:\/\/noticiasdeciudadjuarez.com\/index.php\/2026\/04\/30\/efectos-del-fenomeno-el-nino-en-chihuahua-pronostican-temperaturas-extremas-y-cambios-drasticos\/","title":{"rendered":"Efectos del fen\u00f3meno \u2018El Ni\u00f1o\u2019 en Chihuahua: Pronostican temperaturas extremas y cambios dr\u00e1sticos"},"content":{"rendered":"<h2 dir=\"ltr\">El clima en el estado podr\u00eda venir con varios cambios importantes en los pr\u00f3ximos meses, especialistas se\u00f1alan que existe una alta probabilidad de que se desarrolle el fen\u00f3meno de El Ni\u00f1o-Oscilaci\u00f3n del Sur, lo que suele traer efectos distintos a lo habitual en el norte del pa\u00eds.<\/h2>\n<h2 dir=\"ltr\">\u00bfQu\u00e9 se espera con El Ni\u00f1o?<\/h2>\n<p dir=\"ltr\">Este fen\u00f3meno se caracteriza por el calentamiento de las aguas del oc\u00e9ano Pac\u00edfico, lo que altera la forma en que se distribuyen las lluvias, el calor y los frentes fr\u00edos. Para Chihuahua, el panorama apunta a un a\u00f1o con condiciones m\u00e1s variables de lo normal.<\/p>\n<h2 dir=\"ltr\">Primero el calor: mayo y junio, los m\u00e1s pesados<\/h2>\n<p dir=\"ltr\">Antes de que lleguen las lluvias, el estado enfrentar\u00e1 uno de los periodos m\u00e1s duros del a\u00f1o:<\/p>\n<ul>\n<li dir=\"ltr\">\n<p dir=\"ltr\">Temperaturas muy elevadas<\/p>\n<\/li>\n<li dir=\"ltr\">\n<p dir=\"ltr\">Ambiente seco que favorece la deshidrataci\u00f3n<\/p>\n<\/li>\n<li dir=\"ltr\">\n<p dir=\"ltr\">Mayor riesgo de golpes de calor<\/p>\n<\/li>\n<\/ul>\n<p dir=\"ltr\">Se recomienda no confiarse: tomar agua constantemente, evitar el sol directo en horas pico y cuidar especialmente a ni\u00f1os y adultos mayores.<\/p>\n<h2 dir=\"ltr\">Verano \u201ctraicionero\u201d: lluvias intensas y cambios bruscos<\/h2>\n<p dir=\"ltr\">Entre julio y agosto podr\u00edan presentarse lluvias repentinas, acompa\u00f1adas de viento y tormentas el\u00e9ctricas.<\/p>\n<p dir=\"ltr\">Aunque no ser\u00e1n constantes, s\u00ed podr\u00edan ser intensas en lapsos cortos, provocando:<\/p>\n<ul>\n<li dir=\"ltr\">\n<p dir=\"ltr\">Encharcamientos o inundaciones en zonas urbanas<\/p>\n<\/li>\n<li dir=\"ltr\">\n<p dir=\"ltr\">Calles resbalosas o con poca visibilidad<\/p>\n<\/li>\n<li dir=\"ltr\">\n<p dir=\"ltr\">Cambios r\u00e1pidos de temperatura<\/p>\n<\/li>\n<\/ul>\n<p dir=\"ltr\">La recomendaci\u00f3n es mantener limpios los desag\u00fces, evitar cruzar calles inundadas y estar atentos a avisos oficiales.<\/p>\n<h2 dir=\"ltr\">Oto\u00f1o inestable: septiembre y octubre<\/h2>\n<p dir=\"ltr\">Durante estos meses el clima podr\u00eda ser enga\u00f1oso:<\/p>\n<ul>\n<li dir=\"ltr\">\n<p dir=\"ltr\">Lluvias fuera de temporada<\/p>\n<\/li>\n<li dir=\"ltr\">\n<p dir=\"ltr\">D\u00edas con sol y fr\u00edo en cuesti\u00f3n de horas<\/p>\n<\/li>\n<li dir=\"ltr\">\n<p dir=\"ltr\">Rachas de viento<\/p>\n<\/li>\n<\/ul>\n<p dir=\"ltr\">Aqu\u00ed lo mejor es no confiarse y salir preparado para cambios repentinos.<\/p>\n<h2 dir=\"ltr\">Invierno m\u00e1s h\u00famedo: el efecto m\u00e1s claro de El Ni\u00f1o<\/h2>\n<p dir=\"ltr\">De noviembre a enero es donde m\u00e1s podr\u00eda notarse el fen\u00f3meno:<\/p>\n<ul>\n<li dir=\"ltr\">\n<p dir=\"ltr\">Mayor presencia de humedad<\/p>\n<\/li>\n<li dir=\"ltr\">\n<p dir=\"ltr\">M\u00e1s lluvias e incluso posibilidad de nieve<\/p>\n<\/li>\n<li dir=\"ltr\">\n<p dir=\"ltr\">Temperaturas bajas m\u00e1s marcadas<\/p>\n<\/li>\n<\/ul>\n<p dir=\"ltr\">En esta etapa, las personas suelen prepararse con ropa abrigadora, revisi\u00f3n de calentadores y cuidado de tuber\u00edas ante posibles heladas.<\/p>\n<h2 dir=\"ltr\">Inicio de 2027: viento y polvo<\/h2>\n<p dir=\"ltr\">Para febrero y marzo de 2027, el clima podr\u00eda cerrar con:<\/p>\n<ul>\n<li dir=\"ltr\">\n<p dir=\"ltr\">Vientos intensos<\/p>\n<\/li>\n<li dir=\"ltr\">\n<p dir=\"ltr\">Tolvaneras<\/p>\n<\/li>\n<li dir=\"ltr\">\n<p dir=\"ltr\">Afectaciones respiratorias en personas sensibles<\/p>\n<\/li>\n<\/ul>\n<h2 dir=\"ltr\">En corto: un a\u00f1o de extremos<\/h2>\n<p dir=\"ltr\">El 2026 no ser\u00e1 un a\u00f1o \u201cnormal\u201d en Chihuahua. De confirmarse El Ni\u00f1o, se espera:<\/p>\n<ul>\n<li dir=\"ltr\">\n<p dir=\"ltr\">Calor intenso antes del verano<\/p>\n<\/li>\n<li dir=\"ltr\">\n<p dir=\"ltr\">Lluvias irregulares pero fuertes<\/p>\n<\/li>\n<li dir=\"ltr\">\n<p dir=\"ltr\">Un invierno m\u00e1s h\u00famedo y fr\u00edo de lo habitual<\/p>\n<\/li>\n<\/ul>\n<p dir=\"ltr\">La recomendaci\u00f3n general es anticiparse, mantenerse informado y tomar precauciones sencillas en casa, ya que los cambios pueden sentirse de un d\u00eda a otro.<\/p>\n","protected":false},"excerpt":{"rendered":"<p>El clima en el estado podr\u00eda venir con varios cambios importantes en los pr\u00f3ximos meses, especialistas se\u00f1alan que existe una alta probabilidad de que se desarrolle el fen\u00f3meno de El Ni\u00f1o-Oscilaci\u00f3n del Sur, lo que suele traer efectos distintos a lo habitual en el norte del pa\u00eds. \u00bfQu\u00e9 se espera con El Ni\u00f1o? Este fen\u00f3meno &hellip;<\/p>\n","protected":false},"author":1,"featured_media":48,"comment_status":"closed","ping_status":"closed","sticky":false,"template":"","format":"standard","meta":{"footnotes":"","jetpack_publicize_message":"","jetpack_publicize_feature_enabled":true,"jetpack_social_post_already_shared":false,"jetpack_social_options":{"image_generator_settings":{"template":"highway","default_image_id":0,"font":"","enabled":false},"version":2}},"categories":[3],"tags":[],"class_list":["post-47","post","type-post","status-publish","format-standard","has-post-thumbnail","hentry","category-estatales"],"jetpack_publicize_connections":[],"_links":{"self":[{"href":"https:\/\/noticiasdeciudadjuarez.com\/index.php\/wp-json\/wp\/v2\/posts\/47","targetHints":{"allow":["GET"]}}],"collection":[{"href":"https:\/\/noticiasdeciudadjuarez.com\/index.php\/wp-json\/wp\/v2\/posts"}],"about":[{"href":"https:\/\/noticiasdeciudadjuarez.com\/index.php\/wp-json\/wp\/v2\/types\/post"}],"author":[{"embeddable":true,"href":"https:\/\/noticiasdeciudadjuarez.com\/index.php\/wp-json\/wp\/v2\/users\/1"}],"replies":[{"embeddable":true,"href":"https:\/\/noticiasdeciudadjuarez.com\/index.php\/wp-json\/wp\/v2\/comments?post=47"}],"version-history":[{"count":1,"href":"https:\/\/noticiasdeciudadjuarez.com\/index.php\/wp-json\/wp\/v2\/posts\/47\/revisions"}],"predecessor-version":[{"id":49,"href":"https:\/\/noticiasdeciudadjuarez.com\/index.php\/wp-json\/wp\/v2\/posts\/47\/revisions\/49"}],"wp:featuredmedia":[{"embeddable":true,"href":"https:\/\/noticiasdeciudadjuarez.com\/index.php\/wp-json\/wp\/v2\/media\/48"}],"wp:attachment":[{"href":"https:\/\/noticiasdeciudadjuarez.com\/index.php\/wp-json\/wp\/v2\/media?parent=47"}],"wp:term":[{"taxonomy":"category","embeddable":true,"href":"https:\/\/noticiasdeciudadjuarez.com\/index.php\/wp-json\/wp\/v2\/categories?post=47"},{"taxonomy":"post_tag","embeddable":true,"href":"https:\/\/noticiasdeciudadjuarez.com\/index.php\/wp-json\/wp\/v2\/tags?post=47"}],"curies":[{"name":"wp","href":"https:\/\/api.w.org\/{rel}","templated":true}]}}